{"id":5069,"date":"2024-12-18T15:35:00","date_gmt":"2024-12-18T14:35:00","guid":{"rendered":"https:\/\/www.mugaritz.com\/los-cocineros-vascos-se-vuelcan-con-los-afectados-valencianos-por-la-dana\/"},"modified":"2024-12-19T10:37:59","modified_gmt":"2024-12-19T09:37:59","slug":"les-chefs-basques-soutiennent-les-valenciens-touches-par-la-dana","status":"publish","type":"post","link":"https:\/\/www.mugaritz.com\/fr\/les-chefs-basques-soutiennent-les-valenciens-touches-par-la-dana\/","title":{"rendered":"Les chefs basques soutiennent les Valenciens touch\u00e9s par la DANA"},"content":{"rendered":"\n<ul class=\"wp-block-list\">\n<li>Le d\u00eener de charit\u00e9 en faveur des sinistr\u00e9s de Valence a \u00e9t\u00e9 <strong>coordonn\u00e9 par Mugaritz<\/strong> et s&rsquo;est d\u00e9roul\u00e9 au Basque Culinary Center.<\/li>\n\n\n\n<li><strong>Des chefs \u00e9toil\u00e9s <\/strong>du Gipuzkoa ont particip\u00e9 \u00e0 l&rsquo;\u00e9laboration d&rsquo;un menu sp\u00e9cial pour l&rsquo;occasion.<\/li>\n\n\n\n<li>Le montant r\u00e9colt\u00e9 sera <strong>enti\u00e8rement consacr\u00e9 \u00e0 la r\u00e9cup\u00e9ration<\/strong> des zones touch\u00e9es par la DANA.<\/li>\n<\/ul>\n\n\n\n<p>Vendredi 13 dernier a eu lieu au Basque Culinary Center de Saint-S\u00e9bastien <a href=\"https:\/\/www.mugaritz.com\/fr\/les-chefs-etoiles-michelin-du-gipuzkoa-sassocient-a-un-diner-de-bienfaisance-pour-aider-les-victimes-du-dana-a-valence\/\">le d\u00eener de solidarit\u00e9<\/a> avec lequel les chefs \u00e9toil\u00e9s Michelin de la province se sont associ\u00e9s au mouvement <a href=\"https:\/\/desdevalenciaparavalencia.com\/\" target=\"_blank\" rel=\"noreferrer noopener\">\u00ab Desde Valencia para Valencia \u00bb<\/a> (De Valence pour Valence). Coordonn\u00e9 par Mugaritz avec le soutien de l&rsquo;AEFAME (Association des entreprises familiales du Pays basque), cet \u00e9v\u00e9nement caritatif avait pour but de collecter des fonds pour aider les zones d\u00e9vast\u00e9es par la DANA du 29 octobre \u00e0 Valence.<\/p>\n\n\n\n<figure class=\"wp-block-image size-large\"><img loading=\"lazy\" decoding=\"async\" width=\"1024\" height=\"682\" src=\"https:\/\/www.mugaritz.com\/wp-content\/uploads\/2024\/12\/BCC-Valencia-56-1024x682.jpg\" alt=\"\" class=\"wp-image-4976\" srcset=\"https:\/\/www.mugaritz.com\/wp-content\/uploads\/2024\/12\/BCC-Valencia-56-1024x682.jpg 1024w, https:\/\/www.mugaritz.com\/wp-content\/uploads\/2024\/12\/BCC-Valencia-56-1200x799.jpg 1200w, https:\/\/www.mugaritz.com\/wp-content\/uploads\/2024\/12\/BCC-Valencia-56-300x200.jpg 300w, https:\/\/www.mugaritz.com\/wp-content\/uploads\/2024\/12\/BCC-Valencia-56-768x511.jpg 768w, https:\/\/www.mugaritz.com\/wp-content\/uploads\/2024\/12\/BCC-Valencia-56-1536x1022.jpg 1536w, https:\/\/www.mugaritz.com\/wp-content\/uploads\/2024\/12\/BCC-Valencia-56.jpg 1600w\" sizes=\"(max-width: 1024px) 100vw, 1024px\" \/><\/figure>\n\n\n\n<p>Le pouvoir de la gastronomie et la g\u00e9n\u00e9rosit\u00e9 de la soci\u00e9t\u00e9 sont all\u00e9s de pair dans un \u00e9v\u00e9nement qui a compt\u00e9 sur le bon travail des chefs suivants : Paulo Airaudo (Amelia), Aitor Arregi (Elkano), Elena Arzak (Arzak), Mart\u00edn Berasategui (Mart\u00edn Berasategui), Edorta Lamo (Arrea), I\u00f1igo Lavado (I\u00f1igo Lavado), Dani L\u00f3pez (Kokotxa), Andoni Luis Aduriz (Mugaritz), Roberto Ruiz (Hika Bodega), Pedro Subijana (Akelarre*) et Gorka Txapartegui (Alameda). Les boissons ont \u00e9t\u00e9 fournies par Bodegas Osborne et le collectif de vin Subsierra, compos\u00e9 de diff\u00e9rentes caves de Rioja Alavesa et Rioja Alta.<\/p>\n\n\n\n<p>Le montant total collect\u00e9 servira \u00e0 soutenir la r\u00e9cup\u00e9ration des travailleurs ind\u00e9pendants, des petites entreprises et des entreprises familiales dans les zones les plus touch\u00e9es, et sera achemin\u00e9 par l&rsquo;interm\u00e9diaire de l&rsquo;ONG valencienne Mam\u00e1s en Acci\u00f3n.<\/p>\n\n\n\n<p><strong>D&rsquo;autres fa\u00e7ons d&rsquo;aider<\/strong><\/p>\n\n\n\n<p>Outre le d\u00eener organis\u00e9 au Basque Culinary Center, diff\u00e9rents restaurants de Saint-S\u00e9bastien et des environs ont particip\u00e9 en faisant don d&rsquo;une partie ou de la totalit\u00e9 de la somme r\u00e9colt\u00e9e le 13. Il existe \u00e9galement ce que l&rsquo;on appelle la <a href=\"https:\/\/desdevalenciaparavalencia.com\/producto\/mesa-0\/\" target=\"_blank\" rel=\"noreferrer noopener\">\u00ab Table 0 \u00bb<\/a>, o\u00f9 chacun peut apporter son grain de sable \u00e0 distance jusqu&rsquo;au 20 d\u00e9cembre.<\/p>\n\n\n\n<p class=\"is-style-default\"><strong>Une solidarit\u00e9 mondiale<\/strong><\/p>\n\n\n\n<p class=\"is-style-default\">L&rsquo;initiative, n\u00e9e \u00e0 Valence et men\u00e9e par les chefs Ricard Camarena, Bego\u00f1a Rodrigo et Quique Dacosta en collaboration avec l&rsquo;Association des entreprises de Valence (AVE), a eu une port\u00e9e mondiale : 33 d\u00eeners de solidarit\u00e9 simultan\u00e9s ont \u00e9t\u00e9 organis\u00e9s avec pr\u00e8s de 400 chefs en Espagne, en Europe, en Am\u00e9rique et en Asie.<\/p>\n","protected":false},"excerpt":{"rendered":"<p>Vendredi 13 dernier a eu lieu au Basque Culinary Center de Saint-S\u00e9bastien le d\u00eener de solidarit\u00e9 avec lequel les chefs \u00e9toil\u00e9s Michelin de la province se sont associ\u00e9s au mouvement \u00ab Desde Valencia para Valencia \u00bb (De Valence pour Valence). Coordonn\u00e9 par Mugaritz avec le soutien de l&rsquo;AEFAME (Association des entreprises familiales du Pays basque), cet \u00e9v\u00e9nement caritatif avait pour but de collecter des fonds pour aider les zones d\u00e9vast\u00e9es par la DANA du 29 octobre \u00e0 Valence. Le pouvoir de la gastronomie et la g\u00e9n\u00e9rosit\u00e9 de la soci\u00e9t\u00e9 sont all\u00e9s de pair dans un \u00e9v\u00e9nement qui a compt\u00e9 sur &hellip;<\/p>\n","protected":false},"author":5,"featured_media":4975,"comment_status":"open","ping_status":"open","sticky":false,"template":"","format":"standard","meta":{"_acf_changed":false,"footnotes":""},"categories":[9],"tags":[],"class_list":["post-5069","post","type-post","status-publish","format-standard","has-post-thumbnail","hentry","category-non-classifiee"],"acf":[],"yoast_head":"<!-- This site is optimized with the Yoast SEO plugin v27.4 - https:\/\/yoast.com\/product\/yoast-seo-wordpress\/ -->\n<title>Les chefs basques soutiennent les Valenciens touch\u00e9s par la DANA - Mugaritz<\/title>\n<meta name=\"robots\" content=\"index, follow, max-snippet:-1, max-image-preview:large, max-video-preview:-1\" \/>\n<link rel=\"canonical\" href=\"https:\/\/www.mugaritz.com\/fr\/les-chefs-basques-soutiennent-les-valenciens-touches-par-la-dana\/\" \/>\n<meta property=\"og:locale\" content=\"fr_FR\" \/>\n<meta property=\"og:type\" content=\"article\" \/>\n<meta property=\"og:title\" content=\"Les chefs basques soutiennent les Valenciens touch\u00e9s par la DANA - Mugaritz\" \/>\n<meta property=\"og:description\" content=\"Vendredi 13 dernier a eu lieu au Basque Culinary Center de Saint-S\u00e9bastien le d\u00eener de solidarit\u00e9 avec lequel les chefs \u00e9toil\u00e9s Michelin de la province se sont associ\u00e9s au mouvement \u00ab Desde Valencia para Valencia \u00bb (De Valence pour Valence). Coordonn\u00e9 par Mugaritz avec le soutien de l&rsquo;AEFAME (Association des entreprises familiales du Pays basque), cet \u00e9v\u00e9nement caritatif avait pour but de collecter des fonds pour aider les zones d\u00e9vast\u00e9es par la DANA du 29 octobre \u00e0 Valence. Le pouvoir de la gastronomie et la g\u00e9n\u00e9rosit\u00e9 de la soci\u00e9t\u00e9 sont all\u00e9s de pair dans un \u00e9v\u00e9nement qui a compt\u00e9 sur &hellip;\" \/>\n<meta property=\"og:url\" content=\"https:\/\/www.mugaritz.com\/fr\/les-chefs-basques-soutiennent-les-valenciens-touches-par-la-dana\/\" \/>\n<meta property=\"og:site_name\" content=\"Mugaritz\" \/>\n<meta property=\"article:published_time\" content=\"2024-12-18T14:35:00+00:00\" \/>\n<meta property=\"article:modified_time\" content=\"2024-12-19T09:37:59+00:00\" \/>\n<meta property=\"og:image\" content=\"https:\/\/www.mugaritz.com\/wp-content\/uploads\/2024\/12\/BCC_Valencia-9.jpg\" \/>\n\t<meta property=\"og:image:width\" content=\"1600\" \/>\n\t<meta property=\"og:image:height\" content=\"1065\" \/>\n\t<meta property=\"og:image:type\" content=\"image\/jpeg\" \/>\n<meta name=\"author\" content=\"Unai\" \/>\n<meta name=\"twitter:card\" content=\"summary_large_image\" \/>\n<meta name=\"twitter:label1\" content=\"\u00c9crit par\" \/>\n\t<meta name=\"twitter:data1\" content=\"Unai\" \/>\n\t<meta name=\"twitter:label2\" content=\"Dur\u00e9e de lecture estim\u00e9e\" \/>\n\t<meta name=\"twitter:data2\" content=\"3 minutes\" \/>\n<script type=\"application\/ld+json\" class=\"yoast-schema-graph\">{\"@context\":\"https:\\\/\\\/schema.org\",\"@graph\":[{\"@type\":\"Article\",\"@id\":\"https:\\\/\\\/www.mugaritz.com\\\/fr\\\/les-chefs-basques-soutiennent-les-valenciens-touches-par-la-dana\\\/#article\",\"isPartOf\":{\"@id\":\"https:\\\/\\\/www.mugaritz.com\\\/fr\\\/les-chefs-basques-soutiennent-les-valenciens-touches-par-la-dana\\\/\"},\"author\":{\"name\":\"Unai\",\"@id\":\"https:\\\/\\\/www.mugaritz.com\\\/fr\\\/#\\\/schema\\\/person\\\/62ab2b4bc57e17b815f416920c819474\"},\"headline\":\"Les chefs basques soutiennent les Valenciens touch\u00e9s par la DANA\",\"datePublished\":\"2024-12-18T14:35:00+00:00\",\"dateModified\":\"2024-12-19T09:37:59+00:00\",\"mainEntityOfPage\":{\"@id\":\"https:\\\/\\\/www.mugaritz.com\\\/fr\\\/les-chefs-basques-soutiennent-les-valenciens-touches-par-la-dana\\\/\"},\"wordCount\":429,\"commentCount\":0,\"image\":{\"@id\":\"https:\\\/\\\/www.mugaritz.com\\\/fr\\\/les-chefs-basques-soutiennent-les-valenciens-touches-par-la-dana\\\/#primaryimage\"},\"thumbnailUrl\":\"https:\\\/\\\/www.mugaritz.com\\\/wp-content\\\/uploads\\\/2024\\\/12\\\/BCC_Valencia-9.jpg\",\"articleSection\":[\"Non classifi\u00e9(e)\"],\"inLanguage\":\"fr-FR\",\"potentialAction\":[{\"@type\":\"CommentAction\",\"name\":\"Comment\",\"target\":[\"https:\\\/\\\/www.mugaritz.com\\\/fr\\\/les-chefs-basques-soutiennent-les-valenciens-touches-par-la-dana\\\/#respond\"]}]},{\"@type\":\"WebPage\",\"@id\":\"https:\\\/\\\/www.mugaritz.com\\\/fr\\\/les-chefs-basques-soutiennent-les-valenciens-touches-par-la-dana\\\/\",\"url\":\"https:\\\/\\\/www.mugaritz.com\\\/fr\\\/les-chefs-basques-soutiennent-les-valenciens-touches-par-la-dana\\\/\",\"name\":\"Les chefs basques soutiennent les Valenciens touch\u00e9s par la DANA - Mugaritz\",\"isPartOf\":{\"@id\":\"https:\\\/\\\/www.mugaritz.com\\\/fr\\\/#website\"},\"primaryImageOfPage\":{\"@id\":\"https:\\\/\\\/www.mugaritz.com\\\/fr\\\/les-chefs-basques-soutiennent-les-valenciens-touches-par-la-dana\\\/#primaryimage\"},\"image\":{\"@id\":\"https:\\\/\\\/www.mugaritz.com\\\/fr\\\/les-chefs-basques-soutiennent-les-valenciens-touches-par-la-dana\\\/#primaryimage\"},\"thumbnailUrl\":\"https:\\\/\\\/www.mugaritz.com\\\/wp-content\\\/uploads\\\/2024\\\/12\\\/BCC_Valencia-9.jpg\",\"datePublished\":\"2024-12-18T14:35:00+00:00\",\"dateModified\":\"2024-12-19T09:37:59+00:00\",\"author\":{\"@id\":\"https:\\\/\\\/www.mugaritz.com\\\/fr\\\/#\\\/schema\\\/person\\\/62ab2b4bc57e17b815f416920c819474\"},\"breadcrumb\":{\"@id\":\"https:\\\/\\\/www.mugaritz.com\\\/fr\\\/les-chefs-basques-soutiennent-les-valenciens-touches-par-la-dana\\\/#breadcrumb\"},\"inLanguage\":\"fr-FR\",\"potentialAction\":[{\"@type\":\"ReadAction\",\"target\":[\"https:\\\/\\\/www.mugaritz.com\\\/fr\\\/les-chefs-basques-soutiennent-les-valenciens-touches-par-la-dana\\\/\"]}]},{\"@type\":\"ImageObject\",\"inLanguage\":\"fr-FR\",\"@id\":\"https:\\\/\\\/www.mugaritz.com\\\/fr\\\/les-chefs-basques-soutiennent-les-valenciens-touches-par-la-dana\\\/#primaryimage\",\"url\":\"https:\\\/\\\/www.mugaritz.com\\\/wp-content\\\/uploads\\\/2024\\\/12\\\/BCC_Valencia-9.jpg\",\"contentUrl\":\"https:\\\/\\\/www.mugaritz.com\\\/wp-content\\\/uploads\\\/2024\\\/12\\\/BCC_Valencia-9.jpg\",\"width\":1600,\"height\":1065},{\"@type\":\"BreadcrumbList\",\"@id\":\"https:\\\/\\\/www.mugaritz.com\\\/fr\\\/les-chefs-basques-soutiennent-les-valenciens-touches-par-la-dana\\\/#breadcrumb\",\"itemListElement\":[{\"@type\":\"ListItem\",\"position\":1,\"name\":\"Portada\",\"item\":\"https:\\\/\\\/www.mugaritz.com\\\/fr\\\/\"},{\"@type\":\"ListItem\",\"position\":2,\"name\":\"Les chefs basques soutiennent les Valenciens touch\u00e9s par la DANA\"}]},{\"@type\":\"WebSite\",\"@id\":\"https:\\\/\\\/www.mugaritz.com\\\/fr\\\/#website\",\"url\":\"https:\\\/\\\/www.mugaritz.com\\\/fr\\\/\",\"name\":\"Mugaritz\",\"description\":\"Nous r\u00e9inventer \u00e0 partir de la fronti\u00e8re\",\"potentialAction\":[{\"@type\":\"SearchAction\",\"target\":{\"@type\":\"EntryPoint\",\"urlTemplate\":\"https:\\\/\\\/www.mugaritz.com\\\/fr\\\/?s={search_term_string}\"},\"query-input\":{\"@type\":\"PropertyValueSpecification\",\"valueRequired\":true,\"valueName\":\"search_term_string\"}}],\"inLanguage\":\"fr-FR\"},{\"@type\":\"Person\",\"@id\":\"https:\\\/\\\/www.mugaritz.com\\\/fr\\\/#\\\/schema\\\/person\\\/62ab2b4bc57e17b815f416920c819474\",\"name\":\"Unai\"}]}<\/script>\n<!-- \/ Yoast SEO plugin. -->","yoast_head_json":{"title":"Les chefs basques soutiennent les Valenciens touch\u00e9s par la DANA - Mugaritz","robots":{"index":"index","follow":"follow","max-snippet":"max-snippet:-1","max-image-preview":"max-image-preview:large","max-video-preview":"max-video-preview:-1"},"canonical":"https:\/\/www.mugaritz.com\/fr\/les-chefs-basques-soutiennent-les-valenciens-touches-par-la-dana\/","og_locale":"fr_FR","og_type":"article","og_title":"Les chefs basques soutiennent les Valenciens touch\u00e9s par la DANA - Mugaritz","og_description":"Vendredi 13 dernier a eu lieu au Basque Culinary Center de Saint-S\u00e9bastien le d\u00eener de solidarit\u00e9 avec lequel les chefs \u00e9toil\u00e9s Michelin de la province se sont associ\u00e9s au mouvement \u00ab Desde Valencia para Valencia \u00bb (De Valence pour Valence). Coordonn\u00e9 par Mugaritz avec le soutien de l&rsquo;AEFAME (Association des entreprises familiales du Pays basque), cet \u00e9v\u00e9nement caritatif avait pour but de collecter des fonds pour aider les zones d\u00e9vast\u00e9es par la DANA du 29 octobre \u00e0 Valence. Le pouvoir de la gastronomie et la g\u00e9n\u00e9rosit\u00e9 de la soci\u00e9t\u00e9 sont all\u00e9s de pair dans un \u00e9v\u00e9nement qui a compt\u00e9 sur &hellip;","og_url":"https:\/\/www.mugaritz.com\/fr\/les-chefs-basques-soutiennent-les-valenciens-touches-par-la-dana\/","og_site_name":"Mugaritz","article_published_time":"2024-12-18T14:35:00+00:00","article_modified_time":"2024-12-19T09:37:59+00:00","og_image":[{"width":1600,"height":1065,"url":"https:\/\/www.mugaritz.com\/wp-content\/uploads\/2024\/12\/BCC_Valencia-9.jpg","type":"image\/jpeg"}],"author":"Unai","twitter_card":"summary_large_image","twitter_misc":{"\u00c9crit par":"Unai","Dur\u00e9e de lecture estim\u00e9e":"3 minutes"},"schema":{"@context":"https:\/\/schema.org","@graph":[{"@type":"Article","@id":"https:\/\/www.mugaritz.com\/fr\/les-chefs-basques-soutiennent-les-valenciens-touches-par-la-dana\/#article","isPartOf":{"@id":"https:\/\/www.mugaritz.com\/fr\/les-chefs-basques-soutiennent-les-valenciens-touches-par-la-dana\/"},"author":{"name":"Unai","@id":"https:\/\/www.mugaritz.com\/fr\/#\/schema\/person\/62ab2b4bc57e17b815f416920c819474"},"headline":"Les chefs basques soutiennent les Valenciens touch\u00e9s par la DANA","datePublished":"2024-12-18T14:35:00+00:00","dateModified":"2024-12-19T09:37:59+00:00","mainEntityOfPage":{"@id":"https:\/\/www.mugaritz.com\/fr\/les-chefs-basques-soutiennent-les-valenciens-touches-par-la-dana\/"},"wordCount":429,"commentCount":0,"image":{"@id":"https:\/\/www.mugaritz.com\/fr\/les-chefs-basques-soutiennent-les-valenciens-touches-par-la-dana\/#primaryimage"},"thumbnailUrl":"https:\/\/www.mugaritz.com\/wp-content\/uploads\/2024\/12\/BCC_Valencia-9.jpg","articleSection":["Non classifi\u00e9(e)"],"inLanguage":"fr-FR","potentialAction":[{"@type":"CommentAction","name":"Comment","target":["https:\/\/www.mugaritz.com\/fr\/les-chefs-basques-soutiennent-les-valenciens-touches-par-la-dana\/#respond"]}]},{"@type":"WebPage","@id":"https:\/\/www.mugaritz.com\/fr\/les-chefs-basques-soutiennent-les-valenciens-touches-par-la-dana\/","url":"https:\/\/www.mugaritz.com\/fr\/les-chefs-basques-soutiennent-les-valenciens-touches-par-la-dana\/","name":"Les chefs basques soutiennent les Valenciens touch\u00e9s par la DANA - Mugaritz","isPartOf":{"@id":"https:\/\/www.mugaritz.com\/fr\/#website"},"primaryImageOfPage":{"@id":"https:\/\/www.mugaritz.com\/fr\/les-chefs-basques-soutiennent-les-valenciens-touches-par-la-dana\/#primaryimage"},"image":{"@id":"https:\/\/www.mugaritz.com\/fr\/les-chefs-basques-soutiennent-les-valenciens-touches-par-la-dana\/#primaryimage"},"thumbnailUrl":"https:\/\/www.mugaritz.com\/wp-content\/uploads\/2024\/12\/BCC_Valencia-9.jpg","datePublished":"2024-12-18T14:35:00+00:00","dateModified":"2024-12-19T09:37:59+00:00","author":{"@id":"https:\/\/www.mugaritz.com\/fr\/#\/schema\/person\/62ab2b4bc57e17b815f416920c819474"},"breadcrumb":{"@id":"https:\/\/www.mugaritz.com\/fr\/les-chefs-basques-soutiennent-les-valenciens-touches-par-la-dana\/#breadcrumb"},"inLanguage":"fr-FR","potentialAction":[{"@type":"ReadAction","target":["https:\/\/www.mugaritz.com\/fr\/les-chefs-basques-soutiennent-les-valenciens-touches-par-la-dana\/"]}]},{"@type":"ImageObject","inLanguage":"fr-FR","@id":"https:\/\/www.mugaritz.com\/fr\/les-chefs-basques-soutiennent-les-valenciens-touches-par-la-dana\/#primaryimage","url":"https:\/\/www.mugaritz.com\/wp-content\/uploads\/2024\/12\/BCC_Valencia-9.jpg","contentUrl":"https:\/\/www.mugaritz.com\/wp-content\/uploads\/2024\/12\/BCC_Valencia-9.jpg","width":1600,"height":1065},{"@type":"BreadcrumbList","@id":"https:\/\/www.mugaritz.com\/fr\/les-chefs-basques-soutiennent-les-valenciens-touches-par-la-dana\/#breadcrumb","itemListElement":[{"@type":"ListItem","position":1,"name":"Portada","item":"https:\/\/www.mugaritz.com\/fr\/"},{"@type":"ListItem","position":2,"name":"Les chefs basques soutiennent les Valenciens touch\u00e9s par la DANA"}]},{"@type":"WebSite","@id":"https:\/\/www.mugaritz.com\/fr\/#website","url":"https:\/\/www.mugaritz.com\/fr\/","name":"Mugaritz","description":"Nous r\u00e9inventer \u00e0 partir de la fronti\u00e8re","potentialAction":[{"@type":"SearchAction","target":{"@type":"EntryPoint","urlTemplate":"https:\/\/www.mugaritz.com\/fr\/?s={search_term_string}"},"query-input":{"@type":"PropertyValueSpecification","valueRequired":true,"valueName":"search_term_string"}}],"inLanguage":"fr-FR"},{"@type":"Person","@id":"https:\/\/www.mugaritz.com\/fr\/#\/schema\/person\/62ab2b4bc57e17b815f416920c819474","name":"Unai"}]}},"_links":{"self":[{"href":"https:\/\/www.mugaritz.com\/fr\/wp-json\/wp\/v2\/posts\/5069","targetHints":{"allow":["GET"]}}],"collection":[{"href":"https:\/\/www.mugaritz.com\/fr\/wp-json\/wp\/v2\/posts"}],"about":[{"href":"https:\/\/www.mugaritz.com\/fr\/wp-json\/wp\/v2\/types\/post"}],"author":[{"embeddable":true,"href":"https:\/\/www.mugaritz.com\/fr\/wp-json\/wp\/v2\/users\/5"}],"replies":[{"embeddable":true,"href":"https:\/\/www.mugaritz.com\/fr\/wp-json\/wp\/v2\/comments?post=5069"}],"version-history":[{"count":2,"href":"https:\/\/www.mugaritz.com\/fr\/wp-json\/wp\/v2\/posts\/5069\/revisions"}],"predecessor-version":[{"id":5072,"href":"https:\/\/www.mugaritz.com\/fr\/wp-json\/wp\/v2\/posts\/5069\/revisions\/5072"}],"wp:featuredmedia":[{"embeddable":true,"href":"https:\/\/www.mugaritz.com\/fr\/wp-json\/wp\/v2\/media\/4975"}],"wp:attachment":[{"href":"https:\/\/www.mugaritz.com\/fr\/wp-json\/wp\/v2\/media?parent=5069"}],"wp:term":[{"taxonomy":"category","embeddable":true,"href":"https:\/\/www.mugaritz.com\/fr\/wp-json\/wp\/v2\/categories?post=5069"},{"taxonomy":"post_tag","embeddable":true,"href":"https:\/\/www.mugaritz.com\/fr\/wp-json\/wp\/v2\/tags?post=5069"}],"curies":[{"name":"wp","href":"https:\/\/api.w.org\/{rel}","templated":true}]}}