{"id":35042,"date":"2026-04-30T09:27:13","date_gmt":"2026-04-30T07:27:13","guid":{"rendered":"https:\/\/www.mugaritz.com\/andoni-luis-aduriz-publica-no-se-y-otras-certezas\/"},"modified":"2026-04-30T15:51:32","modified_gmt":"2026-04-30T13:51:32","slug":"andoni-luis-aduriz-publica-no-se-y-otras-certezas","status":"publish","type":"post","link":"https:\/\/www.mugaritz.com\/fr\/andoni-luis-aduriz-publica-no-se-y-otras-certezas\/","title":{"rendered":"Andoni Luis Aduriz publie \u00ab No s\u00e9 y otras certezas. Sobre lo que comemos y lo que somos \u00bb, un nouveau livre qui repense notre relation \u00e0 l\u2019alimentation"},"content":{"rendered":"\n<p>Andoni Luis Aduriz pr\u00e9sente <em>No s\u00e9 y otras certezas<\/em> (Planeta Gastro), une nouvelle publication qui rassemble et \u00e9largit sa r\u00e9flexion sur l\u2019alimentation en tant que ph\u00e9nom\u00e8ne culturel, social et humain.<\/p>\n\n\n\n<p>Le livre se construit \u00e0 partir d\u2019une s\u00e9rie de r\u00e9flexions qui traversent des th\u00e8mes tels que l\u2019identit\u00e9, les habitudes, la m\u00e9moire ou la tradition, s\u2019\u00e9loignant des positions fig\u00e9es pour habiter un territoire plus ouvert, o\u00f9 le doute devient moteur de pens\u00e9e. \u00c0 travers des textes courts, Aduriz propose une approche de la nourriture qui d\u00e9passe le seul cadre gastronomique, envisag\u00e9e comme un langage qui nous d\u00e9finit et nous relie au monde.<\/p>\n\n\n\n<p>Ces pages r\u00e9unissent dix ann\u00e9es d\u2019\u00e9criture et plus d\u2019un demi-si\u00e8cle d\u2019exp\u00e9riences et de r\u00e9flexions, offrant un regard qui d\u00e9construit les paradigmes et ouvre de nouvelles fa\u00e7ons de penser l\u2019alimentation. Car manger n\u2019est pas seulement se nourrir : c\u2019est un ph\u00e9nom\u00e8ne culturel, \u00e9thique et politique qui r\u00e9v\u00e8le notre mani\u00e8re d\u2019\u00eatre au monde.<\/p>\n\n\n\n<p>La table cesse d\u2019\u00eatre un lieu de consommation pour devenir un espace de rencontre et de cr\u00e9ation, un territoire o\u00f9 les questions s\u2019explorent davantage que les r\u00e9ponses, o\u00f9 la certitude rigide c\u00e8de sa place \u00e0 l\u2019ambigu\u00eft\u00e9 fertile du doute. Une \u0153uvre qui invite \u00e0 marcher sur un fil sans crainte de tomber, ouverte \u00e0 l\u2019inattendu, \u00e0 l\u2019improbable et au fascinant.<\/p>\n\n\n\n\n\n<figure class=\"wp-block-image size-large\"><img loading=\"lazy\" decoding=\"async\" width=\"644\" height=\"1024\" src=\"https:\/\/www.mugaritz.com\/wp-content\/uploads\/2026\/04\/2000px_No-se-y-otras-certezas-1-644x1024.jpg\" alt=\"\" class=\"wp-image-35017\" srcset=\"https:\/\/www.mugaritz.com\/wp-content\/uploads\/2026\/04\/2000px_No-se-y-otras-certezas-1-644x1024.jpg 644w, https:\/\/www.mugaritz.com\/wp-content\/uploads\/2026\/04\/2000px_No-se-y-otras-certezas-1-189x300.jpg 189w, https:\/\/www.mugaritz.com\/wp-content\/uploads\/2026\/04\/2000px_No-se-y-otras-certezas-1-768x1221.jpg 768w, https:\/\/www.mugaritz.com\/wp-content\/uploads\/2026\/04\/2000px_No-se-y-otras-certezas-1-966x1536.jpg 966w, https:\/\/www.mugaritz.com\/wp-content\/uploads\/2026\/04\/2000px_No-se-y-otras-certezas-1-1288x2048.jpg 1288w, https:\/\/www.mugaritz.com\/wp-content\/uploads\/2026\/04\/2000px_No-se-y-otras-certezas-1-1698x2700.jpg 1698w, https:\/\/www.mugaritz.com\/wp-content\/uploads\/2026\/04\/2000px_No-se-y-otras-certezas-1-1200x1908.jpg 1200w, https:\/\/www.mugaritz.com\/wp-content\/uploads\/2026\/04\/2000px_No-se-y-otras-certezas-1-scaled.jpg 1610w\" sizes=\"(max-width: 644px) 100vw, 644px\" \/><\/figure>\n","protected":false},"excerpt":{"rendered":"<p>Andoni Luis Aduriz pr\u00e9sente No s\u00e9 y otras certezas (Planeta Gastro), une nouvelle publication qui rassemble et \u00e9largit sa r\u00e9flexion sur l\u2019alimentation en tant que ph\u00e9nom\u00e8ne culturel, social et humain. Le livre se construit \u00e0 partir d\u2019une s\u00e9rie de r\u00e9flexions qui traversent des th\u00e8mes tels que l\u2019identit\u00e9, les habitudes, la m\u00e9moire ou la tradition, s\u2019\u00e9loignant des positions fig\u00e9es pour habiter un territoire plus ouvert, o\u00f9 le doute devient moteur de pens\u00e9e. \u00c0 travers des textes courts, Aduriz propose une approche de la nourriture qui d\u00e9passe le seul cadre gastronomique, envisag\u00e9e comme un langage qui nous d\u00e9finit et nous relie au &hellip;<\/p>\n","protected":false},"author":3,"featured_media":34839,"comment_status":"closed","ping_status":"closed","sticky":false,"template":"","format":"standard","meta":{"_acf_changed":false,"footnotes":""},"categories":[9],"tags":[],"class_list":["post-35042","post","type-post","status-publish","format-standard","has-post-thumbnail","hentry","category-non-classifiee"],"acf":[],"yoast_head":"<!-- This site is optimized with the Yoast SEO plugin v27.4 - https:\/\/yoast.com\/product\/yoast-seo-wordpress\/ -->\n<title>Andoni Luis Aduriz publie \u00ab No s\u00e9 y otras certezas. Sobre lo que comemos y lo que somos \u00bb, un nouveau livre qui repense notre relation \u00e0 l\u2019alimentation - Mugaritz<\/title>\n<meta name=\"robots\" content=\"index, follow, max-snippet:-1, max-image-preview:large, max-video-preview:-1\" \/>\n<link rel=\"canonical\" href=\"https:\/\/www.mugaritz.com\/fr\/andoni-luis-aduriz-publica-no-se-y-otras-certezas\/\" \/>\n<meta property=\"og:locale\" content=\"fr_FR\" \/>\n<meta property=\"og:type\" content=\"article\" \/>\n<meta property=\"og:title\" content=\"Andoni Luis Aduriz publie \u00ab No s\u00e9 y otras certezas. Sobre lo que comemos y lo que somos \u00bb, un nouveau livre qui repense notre relation \u00e0 l\u2019alimentation - Mugaritz\" \/>\n<meta property=\"og:description\" content=\"Andoni Luis Aduriz pr\u00e9sente No s\u00e9 y otras certezas (Planeta Gastro), une nouvelle publication qui rassemble et \u00e9largit sa r\u00e9flexion sur l\u2019alimentation en tant que ph\u00e9nom\u00e8ne culturel, social et humain. Le livre se construit \u00e0 partir d\u2019une s\u00e9rie de r\u00e9flexions qui traversent des th\u00e8mes tels que l\u2019identit\u00e9, les habitudes, la m\u00e9moire ou la tradition, s\u2019\u00e9loignant des positions fig\u00e9es pour habiter un territoire plus ouvert, o\u00f9 le doute devient moteur de pens\u00e9e. \u00c0 travers des textes courts, Aduriz propose une approche de la nourriture qui d\u00e9passe le seul cadre gastronomique, envisag\u00e9e comme un langage qui nous d\u00e9finit et nous relie au &hellip;\" \/>\n<meta property=\"og:url\" content=\"https:\/\/www.mugaritz.com\/fr\/andoni-luis-aduriz-publica-no-se-y-otras-certezas\/\" \/>\n<meta property=\"og:site_name\" content=\"Mugaritz\" \/>\n<meta property=\"article:published_time\" content=\"2026-04-30T07:27:13+00:00\" \/>\n<meta property=\"article:modified_time\" content=\"2026-04-30T13:51:32+00:00\" \/>\n<meta property=\"og:image\" content=\"https:\/\/www.mugaritz.com\/wp-content\/uploads\/2026\/04\/2000px_No-se-y-otras-certezas-scaled.jpg\" \/>\n\t<meta property=\"og:image:width\" content=\"1610\" \/>\n\t<meta property=\"og:image:height\" content=\"2560\" \/>\n\t<meta property=\"og:image:type\" content=\"image\/jpeg\" \/>\n<meta name=\"author\" content=\"Janire\" \/>\n<meta name=\"twitter:card\" content=\"summary_large_image\" \/>\n<meta name=\"twitter:label1\" content=\"\u00c9crit par\" \/>\n\t<meta name=\"twitter:data1\" content=\"Janire\" \/>\n\t<meta name=\"twitter:label2\" content=\"Dur\u00e9e de lecture estim\u00e9e\" \/>\n\t<meta name=\"twitter:data2\" content=\"2 minutes\" \/>\n<script type=\"application\/ld+json\" class=\"yoast-schema-graph\">{\"@context\":\"https:\\\/\\\/schema.org\",\"@graph\":[{\"@type\":\"Article\",\"@id\":\"https:\\\/\\\/www.mugaritz.com\\\/fr\\\/andoni-luis-aduriz-publica-no-se-y-otras-certezas\\\/#article\",\"isPartOf\":{\"@id\":\"https:\\\/\\\/www.mugaritz.com\\\/fr\\\/andoni-luis-aduriz-publica-no-se-y-otras-certezas\\\/\"},\"author\":{\"name\":\"Janire\",\"@id\":\"https:\\\/\\\/www.mugaritz.com\\\/fr\\\/#\\\/schema\\\/person\\\/85d92b65fd5d07382205c3f6cba88ae8\"},\"headline\":\"Andoni Luis Aduriz publie \u00ab No s\u00e9 y otras certezas. Sobre lo que comemos y lo que somos \u00bb, un nouveau livre qui repense notre relation \u00e0 l\u2019alimentation\",\"datePublished\":\"2026-04-30T07:27:13+00:00\",\"dateModified\":\"2026-04-30T13:51:32+00:00\",\"mainEntityOfPage\":{\"@id\":\"https:\\\/\\\/www.mugaritz.com\\\/fr\\\/andoni-luis-aduriz-publica-no-se-y-otras-certezas\\\/\"},\"wordCount\":276,\"image\":{\"@id\":\"https:\\\/\\\/www.mugaritz.com\\\/fr\\\/andoni-luis-aduriz-publica-no-se-y-otras-certezas\\\/#primaryimage\"},\"thumbnailUrl\":\"https:\\\/\\\/www.mugaritz.com\\\/wp-content\\\/uploads\\\/2026\\\/04\\\/2000px_No-se-y-otras-certezas-scaled.jpg\",\"articleSection\":[\"Non classifi\u00e9(e)\"],\"inLanguage\":\"fr-FR\"},{\"@type\":\"WebPage\",\"@id\":\"https:\\\/\\\/www.mugaritz.com\\\/fr\\\/andoni-luis-aduriz-publica-no-se-y-otras-certezas\\\/\",\"url\":\"https:\\\/\\\/www.mugaritz.com\\\/fr\\\/andoni-luis-aduriz-publica-no-se-y-otras-certezas\\\/\",\"name\":\"Andoni Luis Aduriz publie \u00ab No s\u00e9 y otras certezas. Sobre lo que comemos y lo que somos \u00bb, un nouveau livre qui repense notre relation \u00e0 l\u2019alimentation - Mugaritz\",\"isPartOf\":{\"@id\":\"https:\\\/\\\/www.mugaritz.com\\\/fr\\\/#website\"},\"primaryImageOfPage\":{\"@id\":\"https:\\\/\\\/www.mugaritz.com\\\/fr\\\/andoni-luis-aduriz-publica-no-se-y-otras-certezas\\\/#primaryimage\"},\"image\":{\"@id\":\"https:\\\/\\\/www.mugaritz.com\\\/fr\\\/andoni-luis-aduriz-publica-no-se-y-otras-certezas\\\/#primaryimage\"},\"thumbnailUrl\":\"https:\\\/\\\/www.mugaritz.com\\\/wp-content\\\/uploads\\\/2026\\\/04\\\/2000px_No-se-y-otras-certezas-scaled.jpg\",\"datePublished\":\"2026-04-30T07:27:13+00:00\",\"dateModified\":\"2026-04-30T13:51:32+00:00\",\"author\":{\"@id\":\"https:\\\/\\\/www.mugaritz.com\\\/fr\\\/#\\\/schema\\\/person\\\/85d92b65fd5d07382205c3f6cba88ae8\"},\"breadcrumb\":{\"@id\":\"https:\\\/\\\/www.mugaritz.com\\\/fr\\\/andoni-luis-aduriz-publica-no-se-y-otras-certezas\\\/#breadcrumb\"},\"inLanguage\":\"fr-FR\",\"potentialAction\":[{\"@type\":\"ReadAction\",\"target\":[\"https:\\\/\\\/www.mugaritz.com\\\/fr\\\/andoni-luis-aduriz-publica-no-se-y-otras-certezas\\\/\"]}]},{\"@type\":\"ImageObject\",\"inLanguage\":\"fr-FR\",\"@id\":\"https:\\\/\\\/www.mugaritz.com\\\/fr\\\/andoni-luis-aduriz-publica-no-se-y-otras-certezas\\\/#primaryimage\",\"url\":\"https:\\\/\\\/www.mugaritz.com\\\/wp-content\\\/uploads\\\/2026\\\/04\\\/2000px_No-se-y-otras-certezas-scaled.jpg\",\"contentUrl\":\"https:\\\/\\\/www.mugaritz.com\\\/wp-content\\\/uploads\\\/2026\\\/04\\\/2000px_No-se-y-otras-certezas-scaled.jpg\",\"width\":1610,\"height\":2560},{\"@type\":\"BreadcrumbList\",\"@id\":\"https:\\\/\\\/www.mugaritz.com\\\/fr\\\/andoni-luis-aduriz-publica-no-se-y-otras-certezas\\\/#breadcrumb\",\"itemListElement\":[{\"@type\":\"ListItem\",\"position\":1,\"name\":\"Portada\",\"item\":\"https:\\\/\\\/www.mugaritz.com\\\/fr\\\/\"},{\"@type\":\"ListItem\",\"position\":2,\"name\":\"Andoni Luis Aduriz publie \u00ab No s\u00e9 y otras certezas. Sobre lo que comemos y lo que somos \u00bb, un nouveau livre qui repense notre relation \u00e0 l\u2019alimentation\"}]},{\"@type\":\"WebSite\",\"@id\":\"https:\\\/\\\/www.mugaritz.com\\\/fr\\\/#website\",\"url\":\"https:\\\/\\\/www.mugaritz.com\\\/fr\\\/\",\"name\":\"Mugaritz\",\"description\":\"Nous r\u00e9inventer \u00e0 partir de la fronti\u00e8re\",\"potentialAction\":[{\"@type\":\"SearchAction\",\"target\":{\"@type\":\"EntryPoint\",\"urlTemplate\":\"https:\\\/\\\/www.mugaritz.com\\\/fr\\\/?s={search_term_string}\"},\"query-input\":{\"@type\":\"PropertyValueSpecification\",\"valueRequired\":true,\"valueName\":\"search_term_string\"}}],\"inLanguage\":\"fr-FR\"},{\"@type\":\"Person\",\"@id\":\"https:\\\/\\\/www.mugaritz.com\\\/fr\\\/#\\\/schema\\\/person\\\/85d92b65fd5d07382205c3f6cba88ae8\",\"name\":\"Janire\"}]}<\/script>\n<!-- \/ Yoast SEO plugin. -->","yoast_head_json":{"title":"Andoni Luis Aduriz publie \u00ab No s\u00e9 y otras certezas. Sobre lo que comemos y lo que somos \u00bb, un nouveau livre qui repense notre relation \u00e0 l\u2019alimentation - Mugaritz","robots":{"index":"index","follow":"follow","max-snippet":"max-snippet:-1","max-image-preview":"max-image-preview:large","max-video-preview":"max-video-preview:-1"},"canonical":"https:\/\/www.mugaritz.com\/fr\/andoni-luis-aduriz-publica-no-se-y-otras-certezas\/","og_locale":"fr_FR","og_type":"article","og_title":"Andoni Luis Aduriz publie \u00ab No s\u00e9 y otras certezas. Sobre lo que comemos y lo que somos \u00bb, un nouveau livre qui repense notre relation \u00e0 l\u2019alimentation - Mugaritz","og_description":"Andoni Luis Aduriz pr\u00e9sente No s\u00e9 y otras certezas (Planeta Gastro), une nouvelle publication qui rassemble et \u00e9largit sa r\u00e9flexion sur l\u2019alimentation en tant que ph\u00e9nom\u00e8ne culturel, social et humain. Le livre se construit \u00e0 partir d\u2019une s\u00e9rie de r\u00e9flexions qui traversent des th\u00e8mes tels que l\u2019identit\u00e9, les habitudes, la m\u00e9moire ou la tradition, s\u2019\u00e9loignant des positions fig\u00e9es pour habiter un territoire plus ouvert, o\u00f9 le doute devient moteur de pens\u00e9e. \u00c0 travers des textes courts, Aduriz propose une approche de la nourriture qui d\u00e9passe le seul cadre gastronomique, envisag\u00e9e comme un langage qui nous d\u00e9finit et nous relie au &hellip;","og_url":"https:\/\/www.mugaritz.com\/fr\/andoni-luis-aduriz-publica-no-se-y-otras-certezas\/","og_site_name":"Mugaritz","article_published_time":"2026-04-30T07:27:13+00:00","article_modified_time":"2026-04-30T13:51:32+00:00","og_image":[{"width":1610,"height":2560,"url":"https:\/\/www.mugaritz.com\/wp-content\/uploads\/2026\/04\/2000px_No-se-y-otras-certezas-scaled.jpg","type":"image\/jpeg"}],"author":"Janire","twitter_card":"summary_large_image","twitter_misc":{"\u00c9crit par":"Janire","Dur\u00e9e de lecture estim\u00e9e":"2 minutes"},"schema":{"@context":"https:\/\/schema.org","@graph":[{"@type":"Article","@id":"https:\/\/www.mugaritz.com\/fr\/andoni-luis-aduriz-publica-no-se-y-otras-certezas\/#article","isPartOf":{"@id":"https:\/\/www.mugaritz.com\/fr\/andoni-luis-aduriz-publica-no-se-y-otras-certezas\/"},"author":{"name":"Janire","@id":"https:\/\/www.mugaritz.com\/fr\/#\/schema\/person\/85d92b65fd5d07382205c3f6cba88ae8"},"headline":"Andoni Luis Aduriz publie \u00ab No s\u00e9 y otras certezas. Sobre lo que comemos y lo que somos \u00bb, un nouveau livre qui repense notre relation \u00e0 l\u2019alimentation","datePublished":"2026-04-30T07:27:13+00:00","dateModified":"2026-04-30T13:51:32+00:00","mainEntityOfPage":{"@id":"https:\/\/www.mugaritz.com\/fr\/andoni-luis-aduriz-publica-no-se-y-otras-certezas\/"},"wordCount":276,"image":{"@id":"https:\/\/www.mugaritz.com\/fr\/andoni-luis-aduriz-publica-no-se-y-otras-certezas\/#primaryimage"},"thumbnailUrl":"https:\/\/www.mugaritz.com\/wp-content\/uploads\/2026\/04\/2000px_No-se-y-otras-certezas-scaled.jpg","articleSection":["Non classifi\u00e9(e)"],"inLanguage":"fr-FR"},{"@type":"WebPage","@id":"https:\/\/www.mugaritz.com\/fr\/andoni-luis-aduriz-publica-no-se-y-otras-certezas\/","url":"https:\/\/www.mugaritz.com\/fr\/andoni-luis-aduriz-publica-no-se-y-otras-certezas\/","name":"Andoni Luis Aduriz publie \u00ab No s\u00e9 y otras certezas. Sobre lo que comemos y lo que somos \u00bb, un nouveau livre qui repense notre relation \u00e0 l\u2019alimentation - Mugaritz","isPartOf":{"@id":"https:\/\/www.mugaritz.com\/fr\/#website"},"primaryImageOfPage":{"@id":"https:\/\/www.mugaritz.com\/fr\/andoni-luis-aduriz-publica-no-se-y-otras-certezas\/#primaryimage"},"image":{"@id":"https:\/\/www.mugaritz.com\/fr\/andoni-luis-aduriz-publica-no-se-y-otras-certezas\/#primaryimage"},"thumbnailUrl":"https:\/\/www.mugaritz.com\/wp-content\/uploads\/2026\/04\/2000px_No-se-y-otras-certezas-scaled.jpg","datePublished":"2026-04-30T07:27:13+00:00","dateModified":"2026-04-30T13:51:32+00:00","author":{"@id":"https:\/\/www.mugaritz.com\/fr\/#\/schema\/person\/85d92b65fd5d07382205c3f6cba88ae8"},"breadcrumb":{"@id":"https:\/\/www.mugaritz.com\/fr\/andoni-luis-aduriz-publica-no-se-y-otras-certezas\/#breadcrumb"},"inLanguage":"fr-FR","potentialAction":[{"@type":"ReadAction","target":["https:\/\/www.mugaritz.com\/fr\/andoni-luis-aduriz-publica-no-se-y-otras-certezas\/"]}]},{"@type":"ImageObject","inLanguage":"fr-FR","@id":"https:\/\/www.mugaritz.com\/fr\/andoni-luis-aduriz-publica-no-se-y-otras-certezas\/#primaryimage","url":"https:\/\/www.mugaritz.com\/wp-content\/uploads\/2026\/04\/2000px_No-se-y-otras-certezas-scaled.jpg","contentUrl":"https:\/\/www.mugaritz.com\/wp-content\/uploads\/2026\/04\/2000px_No-se-y-otras-certezas-scaled.jpg","width":1610,"height":2560},{"@type":"BreadcrumbList","@id":"https:\/\/www.mugaritz.com\/fr\/andoni-luis-aduriz-publica-no-se-y-otras-certezas\/#breadcrumb","itemListElement":[{"@type":"ListItem","position":1,"name":"Portada","item":"https:\/\/www.mugaritz.com\/fr\/"},{"@type":"ListItem","position":2,"name":"Andoni Luis Aduriz publie \u00ab No s\u00e9 y otras certezas. Sobre lo que comemos y lo que somos \u00bb, un nouveau livre qui repense notre relation \u00e0 l\u2019alimentation"}]},{"@type":"WebSite","@id":"https:\/\/www.mugaritz.com\/fr\/#website","url":"https:\/\/www.mugaritz.com\/fr\/","name":"Mugaritz","description":"Nous r\u00e9inventer \u00e0 partir de la fronti\u00e8re","potentialAction":[{"@type":"SearchAction","target":{"@type":"EntryPoint","urlTemplate":"https:\/\/www.mugaritz.com\/fr\/?s={search_term_string}"},"query-input":{"@type":"PropertyValueSpecification","valueRequired":true,"valueName":"search_term_string"}}],"inLanguage":"fr-FR"},{"@type":"Person","@id":"https:\/\/www.mugaritz.com\/fr\/#\/schema\/person\/85d92b65fd5d07382205c3f6cba88ae8","name":"Janire"}]}},"_links":{"self":[{"href":"https:\/\/www.mugaritz.com\/fr\/wp-json\/wp\/v2\/posts\/35042","targetHints":{"allow":["GET"]}}],"collection":[{"href":"https:\/\/www.mugaritz.com\/fr\/wp-json\/wp\/v2\/posts"}],"about":[{"href":"https:\/\/www.mugaritz.com\/fr\/wp-json\/wp\/v2\/types\/post"}],"author":[{"embeddable":true,"href":"https:\/\/www.mugaritz.com\/fr\/wp-json\/wp\/v2\/users\/3"}],"replies":[{"embeddable":true,"href":"https:\/\/www.mugaritz.com\/fr\/wp-json\/wp\/v2\/comments?post=35042"}],"version-history":[{"count":1,"href":"https:\/\/www.mugaritz.com\/fr\/wp-json\/wp\/v2\/posts\/35042\/revisions"}],"predecessor-version":[{"id":35044,"href":"https:\/\/www.mugaritz.com\/fr\/wp-json\/wp\/v2\/posts\/35042\/revisions\/35044"}],"wp:featuredmedia":[{"embeddable":true,"href":"https:\/\/www.mugaritz.com\/fr\/wp-json\/wp\/v2\/media\/34839"}],"wp:attachment":[{"href":"https:\/\/www.mugaritz.com\/fr\/wp-json\/wp\/v2\/media?parent=35042"}],"wp:term":[{"taxonomy":"category","embeddable":true,"href":"https:\/\/www.mugaritz.com\/fr\/wp-json\/wp\/v2\/categories?post=35042"},{"taxonomy":"post_tag","embeddable":true,"href":"https:\/\/www.mugaritz.com\/fr\/wp-json\/wp\/v2\/tags?post=35042"}],"curies":[{"name":"wp","href":"https:\/\/api.w.org\/{rel}","templated":true}]}}