{"id":5157,"date":"2024-12-18T15:35:00","date_gmt":"2024-12-18T14:35:00","guid":{"rendered":"https:\/\/www.mugaritz.com\/los-cocineros-vascos-se-vuelcan-con-los-afectados-valencianos-por-la-dana\/"},"modified":"2024-12-22T13:43:36","modified_gmt":"2024-12-22T12:43:36","slug":"los-cocineros-vascos-se-vuelcan-con-los-afectados-valencianos-por-la-dana","status":"publish","type":"post","link":"https:\/\/www.mugaritz.com\/eu\/los-cocineros-vascos-se-vuelcan-con-los-afectados-valencianos-por-la-dana\/","title":{"rendered":"Euskal sukaldariek Valentziako DANAko kaltetuekin bat egin dute"},"content":{"rendered":"\n<ul class=\"wp-block-list\">\n<li>Valentziako kaltetuei laguntzeko ongintzazko afaria Mugaritzek koordinatu zuen eta Basque Culinary Centerren egin zen.<\/li>\n\n\n\n<li>Gipuzkoako Michelin Izarra duten chefek menu berezi bat prestatzen parte hartu zuten.<\/li>\n\n\n\n<li>Bildutako zenbateko osoa DANAk eragindako eremuak berreskuratzeko erabiliko da.<\/li>\n<\/ul>\n\n\n\n<p>Joan den ostiralean, hilak 13, Donostiako Basque Culinary Centerren Michelin izardun sukaldariek &#8216;Valentziatik Valentziara&#8217; mugimenduarekin bat egiten eta afari solidario bat  ospatu zuten. Mugaritzek koordinatuta, AEFAMEren (Euskadiko Familia Enpresen Elkartea) laguntzarekin, ongintzazko ekintza horren helburua urriaren 29an Valentzian DANAk suntsitutako eremuei laguntzeko dirua biltzea izan zen.<\/p>\n\n\n\n<figure class=\"wp-block-image size-large\"><img loading=\"lazy\" decoding=\"async\" width=\"1024\" height=\"682\" src=\"https:\/\/www.mugaritz.com\/wp-content\/uploads\/2024\/12\/BCC-Valencia-56-1024x682.jpg\" alt=\"\" class=\"wp-image-4976\" srcset=\"https:\/\/www.mugaritz.com\/wp-content\/uploads\/2024\/12\/BCC-Valencia-56-1024x682.jpg 1024w, https:\/\/www.mugaritz.com\/wp-content\/uploads\/2024\/12\/BCC-Valencia-56-1200x799.jpg 1200w, https:\/\/www.mugaritz.com\/wp-content\/uploads\/2024\/12\/BCC-Valencia-56-300x200.jpg 300w, https:\/\/www.mugaritz.com\/wp-content\/uploads\/2024\/12\/BCC-Valencia-56-768x511.jpg 768w, https:\/\/www.mugaritz.com\/wp-content\/uploads\/2024\/12\/BCC-Valencia-56-1536x1022.jpg 1536w, https:\/\/www.mugaritz.com\/wp-content\/uploads\/2024\/12\/BCC-Valencia-56.jpg 1600w\" sizes=\"(max-width: 1024px) 100vw, 1024px\" \/><\/figure>\n\n\n\n<p>Gastronomiaren botereak eta gizartearen eskuzabaltasunak bat egin zuten honako chef hauen lan onarekin: Paulo Airaudo (Amelia**), Aitor Arregi (Elkano*), Elena Arzak (Arzak**), Mart\u00edn Berasategui (Mart\u00edn Berasategui***), Edorta Lamo (Arrea*), I\u00f1igo Lavado (I\u00f1igo Lavado), Dani L\u00f3pez (Kokotxa*), Andoni Luis Aduriz (Mugaritz**), Roberto Ruiz (Hika Bodega), Pedro Subijana (Akelarre***) eta Gorka Txapartegui (Alameda*). Edariak Osborne upategiek eta Arabako Errioxako eta Errioxa Garaiko upategiek osatutako Subsierra mahastizaintza eta ardogintzako kolektiboak eman zituzten.<\/p>\n\n\n\n<p>Bildutako guztia autonomoen, denda txikien eta familia enpresen berreskurapena bultzatzeko erabiliko da, eta Valentziako Mam\u00e1s en Acci\u00f3n GKEaren bitartez bideratuko da.<\/p>\n\n\n\n<p><strong>Babesa eskaintzeko beste aukera batzuk<\/strong><\/p>\n\n\n\n<p>Basque Culinary Centerreko afariaz gain, Donostiako eta inguruko hainbat jatetxek parte hartu zuten hilaren 13an bildutako guztiaren zati bat edo guztia emanez. Badago, halaber, 0 mahaia esaten zaiona, non bakoitzak bere aletxoa jar dezakeen urrutitik abenduaren 20ra arte.<\/p>\n\n\n\n<p class=\"is-style-default\"><strong>Mundu-mailako solidaritatea<\/strong><\/p>\n\n\n\n<p class=\"is-style-default\">Ekimena Valentzian sortu zen, eta Ricard Camarena, Bego\u00f1a Rodrigo eta Quique Dacosta sukaldariek gidatu dute, Valentziako Enpresarien Elkartearekin (AVE) lankidetzan. Ekimenak eragin globala izan du, eta 33 afari solidario egin dira aldi berean, ia 400 chefekin Espainian, Europan, Amerikan eta Asian.<\/p>\n\n\n\n<p class=\"is-style-default\"><\/p>\n","protected":false},"excerpt":{"rendered":"<p>Joan den ostiralean, hilak 13, Donostiako Basque Culinary Centerren Michelin izardun sukaldariek &#8216;Valentziatik Valentziara&#8217; mugimenduarekin bat egiten eta afari solidario bat ospatu zuten. Mugaritzek koordinatuta, AEFAMEren (Euskadiko Familia Enpresen Elkartea) laguntzarekin, ongintzazko ekintza horren helburua urriaren 29an Valentzian DANAk suntsitutako eremuei laguntzeko dirua biltzea izan zen. Gastronomiaren botereak eta gizartearen eskuzabaltasunak bat egin zuten honako chef hauen lan onarekin: Paulo Airaudo (Amelia**), Aitor Arregi (Elkano*), Elena Arzak (Arzak**), Mart\u00edn Berasategui (Mart\u00edn Berasategui***), Edorta Lamo (Arrea*), I\u00f1igo Lavado (I\u00f1igo Lavado), Dani L\u00f3pez (Kokotxa*), Andoni Luis Aduriz (Mugaritz**), Roberto Ruiz (Hika Bodega), Pedro Subijana (Akelarre***) eta Gorka Txapartegui (Alameda*). Edariak Osborne upategiek &hellip;<\/p>\n","protected":false},"author":5,"featured_media":4973,"comment_status":"open","ping_status":"open","sticky":false,"template":"","format":"standard","meta":{"_acf_changed":false,"footnotes":""},"categories":[41],"tags":[],"class_list":["post-5157","post","type-post","status-publish","format-standard","has-post-thumbnail","hentry","category-sin-categorizar-eu"],"acf":[],"yoast_head":"<!-- This site is optimized with the Yoast SEO plugin v27.4 - https:\/\/yoast.com\/product\/yoast-seo-wordpress\/ -->\n<title>Euskal sukaldariek Valentziako DANAko kaltetuekin bat egin dute - Mugaritz<\/title>\n<meta name=\"robots\" content=\"index, follow, max-snippet:-1, max-image-preview:large, max-video-preview:-1\" \/>\n<link rel=\"canonical\" href=\"https:\/\/www.mugaritz.com\/eu\/los-cocineros-vascos-se-vuelcan-con-los-afectados-valencianos-por-la-dana\/\" \/>\n<meta property=\"og:locale\" content=\"eu_ES\" \/>\n<meta property=\"og:type\" content=\"article\" \/>\n<meta property=\"og:title\" content=\"Euskal sukaldariek Valentziako DANAko kaltetuekin bat egin dute - Mugaritz\" \/>\n<meta property=\"og:description\" content=\"Joan den ostiralean, hilak 13, Donostiako Basque Culinary Centerren Michelin izardun sukaldariek &#8216;Valentziatik Valentziara&#8217; mugimenduarekin bat egiten eta afari solidario bat ospatu zuten. Mugaritzek koordinatuta, AEFAMEren (Euskadiko Familia Enpresen Elkartea) laguntzarekin, ongintzazko ekintza horren helburua urriaren 29an Valentzian DANAk suntsitutako eremuei laguntzeko dirua biltzea izan zen. Gastronomiaren botereak eta gizartearen eskuzabaltasunak bat egin zuten honako chef hauen lan onarekin: Paulo Airaudo (Amelia**), Aitor Arregi (Elkano*), Elena Arzak (Arzak**), Mart\u00edn Berasategui (Mart\u00edn Berasategui***), Edorta Lamo (Arrea*), I\u00f1igo Lavado (I\u00f1igo Lavado), Dani L\u00f3pez (Kokotxa*), Andoni Luis Aduriz (Mugaritz**), Roberto Ruiz (Hika Bodega), Pedro Subijana (Akelarre***) eta Gorka Txapartegui (Alameda*). Edariak Osborne upategiek &hellip;\" \/>\n<meta property=\"og:url\" content=\"https:\/\/www.mugaritz.com\/eu\/los-cocineros-vascos-se-vuelcan-con-los-afectados-valencianos-por-la-dana\/\" \/>\n<meta property=\"og:site_name\" content=\"Mugaritz\" \/>\n<meta property=\"article:published_time\" content=\"2024-12-18T14:35:00+00:00\" \/>\n<meta property=\"article:modified_time\" content=\"2024-12-22T12:43:36+00:00\" \/>\n<meta property=\"og:image\" content=\"https:\/\/www.mugaritz.com\/wp-content\/uploads\/2024\/12\/BCC_Valencia-9.jpg\" \/>\n\t<meta property=\"og:image:width\" content=\"1600\" \/>\n\t<meta property=\"og:image:height\" content=\"1065\" \/>\n\t<meta property=\"og:image:type\" content=\"image\/jpeg\" \/>\n<meta name=\"author\" content=\"Unai\" \/>\n<meta name=\"twitter:card\" content=\"summary_large_image\" \/>\n<meta name=\"twitter:label1\" content=\"Written by\" \/>\n\t<meta name=\"twitter:data1\" content=\"Unai\" \/>\n\t<meta name=\"twitter:label2\" content=\"Est. reading time\" \/>\n\t<meta name=\"twitter:data2\" content=\"2 minutes\" \/>\n<script type=\"application\/ld+json\" class=\"yoast-schema-graph\">{\"@context\":\"https:\\\/\\\/schema.org\",\"@graph\":[{\"@type\":\"Article\",\"@id\":\"https:\\\/\\\/www.mugaritz.com\\\/eu\\\/los-cocineros-vascos-se-vuelcan-con-los-afectados-valencianos-por-la-dana\\\/#article\",\"isPartOf\":{\"@id\":\"https:\\\/\\\/www.mugaritz.com\\\/eu\\\/los-cocineros-vascos-se-vuelcan-con-los-afectados-valencianos-por-la-dana\\\/\"},\"author\":{\"name\":\"Unai\",\"@id\":\"https:\\\/\\\/www.mugaritz.com\\\/eu\\\/#\\\/schema\\\/person\\\/62ab2b4bc57e17b815f416920c819474\"},\"headline\":\"Euskal sukaldariek Valentziako DANAko kaltetuekin bat egin dute\",\"datePublished\":\"2024-12-18T14:35:00+00:00\",\"dateModified\":\"2024-12-22T12:43:36+00:00\",\"mainEntityOfPage\":{\"@id\":\"https:\\\/\\\/www.mugaritz.com\\\/eu\\\/los-cocineros-vascos-se-vuelcan-con-los-afectados-valencianos-por-la-dana\\\/\"},\"wordCount\":269,\"commentCount\":0,\"image\":{\"@id\":\"https:\\\/\\\/www.mugaritz.com\\\/eu\\\/los-cocineros-vascos-se-vuelcan-con-los-afectados-valencianos-por-la-dana\\\/#primaryimage\"},\"thumbnailUrl\":\"https:\\\/\\\/www.mugaritz.com\\\/wp-content\\\/uploads\\\/2024\\\/12\\\/BCC_Valencia-9.jpg\",\"articleSection\":[\"Sin categorizar\"],\"inLanguage\":\"eu-ES\",\"potentialAction\":[{\"@type\":\"CommentAction\",\"name\":\"Comment\",\"target\":[\"https:\\\/\\\/www.mugaritz.com\\\/eu\\\/los-cocineros-vascos-se-vuelcan-con-los-afectados-valencianos-por-la-dana\\\/#respond\"]}]},{\"@type\":\"WebPage\",\"@id\":\"https:\\\/\\\/www.mugaritz.com\\\/eu\\\/los-cocineros-vascos-se-vuelcan-con-los-afectados-valencianos-por-la-dana\\\/\",\"url\":\"https:\\\/\\\/www.mugaritz.com\\\/eu\\\/los-cocineros-vascos-se-vuelcan-con-los-afectados-valencianos-por-la-dana\\\/\",\"name\":\"Euskal sukaldariek Valentziako DANAko kaltetuekin bat egin dute - Mugaritz\",\"isPartOf\":{\"@id\":\"https:\\\/\\\/www.mugaritz.com\\\/eu\\\/#website\"},\"primaryImageOfPage\":{\"@id\":\"https:\\\/\\\/www.mugaritz.com\\\/eu\\\/los-cocineros-vascos-se-vuelcan-con-los-afectados-valencianos-por-la-dana\\\/#primaryimage\"},\"image\":{\"@id\":\"https:\\\/\\\/www.mugaritz.com\\\/eu\\\/los-cocineros-vascos-se-vuelcan-con-los-afectados-valencianos-por-la-dana\\\/#primaryimage\"},\"thumbnailUrl\":\"https:\\\/\\\/www.mugaritz.com\\\/wp-content\\\/uploads\\\/2024\\\/12\\\/BCC_Valencia-9.jpg\",\"datePublished\":\"2024-12-18T14:35:00+00:00\",\"dateModified\":\"2024-12-22T12:43:36+00:00\",\"author\":{\"@id\":\"https:\\\/\\\/www.mugaritz.com\\\/eu\\\/#\\\/schema\\\/person\\\/62ab2b4bc57e17b815f416920c819474\"},\"breadcrumb\":{\"@id\":\"https:\\\/\\\/www.mugaritz.com\\\/eu\\\/los-cocineros-vascos-se-vuelcan-con-los-afectados-valencianos-por-la-dana\\\/#breadcrumb\"},\"inLanguage\":\"eu-ES\",\"potentialAction\":[{\"@type\":\"ReadAction\",\"target\":[\"https:\\\/\\\/www.mugaritz.com\\\/eu\\\/los-cocineros-vascos-se-vuelcan-con-los-afectados-valencianos-por-la-dana\\\/\"]}]},{\"@type\":\"ImageObject\",\"inLanguage\":\"eu-ES\",\"@id\":\"https:\\\/\\\/www.mugaritz.com\\\/eu\\\/los-cocineros-vascos-se-vuelcan-con-los-afectados-valencianos-por-la-dana\\\/#primaryimage\",\"url\":\"https:\\\/\\\/www.mugaritz.com\\\/wp-content\\\/uploads\\\/2024\\\/12\\\/BCC_Valencia-9.jpg\",\"contentUrl\":\"https:\\\/\\\/www.mugaritz.com\\\/wp-content\\\/uploads\\\/2024\\\/12\\\/BCC_Valencia-9.jpg\",\"width\":1600,\"height\":1065},{\"@type\":\"BreadcrumbList\",\"@id\":\"https:\\\/\\\/www.mugaritz.com\\\/eu\\\/los-cocineros-vascos-se-vuelcan-con-los-afectados-valencianos-por-la-dana\\\/#breadcrumb\",\"itemListElement\":[{\"@type\":\"ListItem\",\"position\":1,\"name\":\"Portada\",\"item\":\"https:\\\/\\\/www.mugaritz.com\\\/eu\\\/\"},{\"@type\":\"ListItem\",\"position\":2,\"name\":\"Euskal sukaldariek Valentziako DANAko kaltetuekin bat egin dute\"}]},{\"@type\":\"WebSite\",\"@id\":\"https:\\\/\\\/www.mugaritz.com\\\/eu\\\/#website\",\"url\":\"https:\\\/\\\/www.mugaritz.com\\\/eu\\\/\",\"name\":\"Mugaritz\",\"description\":\"Mugatik gure buruak berrasmatzen\",\"potentialAction\":[{\"@type\":\"SearchAction\",\"target\":{\"@type\":\"EntryPoint\",\"urlTemplate\":\"https:\\\/\\\/www.mugaritz.com\\\/eu\\\/?s={search_term_string}\"},\"query-input\":{\"@type\":\"PropertyValueSpecification\",\"valueRequired\":true,\"valueName\":\"search_term_string\"}}],\"inLanguage\":\"eu-ES\"},{\"@type\":\"Person\",\"@id\":\"https:\\\/\\\/www.mugaritz.com\\\/eu\\\/#\\\/schema\\\/person\\\/62ab2b4bc57e17b815f416920c819474\",\"name\":\"Unai\"}]}<\/script>\n<!-- \/ Yoast SEO plugin. -->","yoast_head_json":{"title":"Euskal sukaldariek Valentziako DANAko kaltetuekin bat egin dute - Mugaritz","robots":{"index":"index","follow":"follow","max-snippet":"max-snippet:-1","max-image-preview":"max-image-preview:large","max-video-preview":"max-video-preview:-1"},"canonical":"https:\/\/www.mugaritz.com\/eu\/los-cocineros-vascos-se-vuelcan-con-los-afectados-valencianos-por-la-dana\/","og_locale":"eu_ES","og_type":"article","og_title":"Euskal sukaldariek Valentziako DANAko kaltetuekin bat egin dute - Mugaritz","og_description":"Joan den ostiralean, hilak 13, Donostiako Basque Culinary Centerren Michelin izardun sukaldariek &#8216;Valentziatik Valentziara&#8217; mugimenduarekin bat egiten eta afari solidario bat ospatu zuten. Mugaritzek koordinatuta, AEFAMEren (Euskadiko Familia Enpresen Elkartea) laguntzarekin, ongintzazko ekintza horren helburua urriaren 29an Valentzian DANAk suntsitutako eremuei laguntzeko dirua biltzea izan zen. Gastronomiaren botereak eta gizartearen eskuzabaltasunak bat egin zuten honako chef hauen lan onarekin: Paulo Airaudo (Amelia**), Aitor Arregi (Elkano*), Elena Arzak (Arzak**), Mart\u00edn Berasategui (Mart\u00edn Berasategui***), Edorta Lamo (Arrea*), I\u00f1igo Lavado (I\u00f1igo Lavado), Dani L\u00f3pez (Kokotxa*), Andoni Luis Aduriz (Mugaritz**), Roberto Ruiz (Hika Bodega), Pedro Subijana (Akelarre***) eta Gorka Txapartegui (Alameda*). Edariak Osborne upategiek &hellip;","og_url":"https:\/\/www.mugaritz.com\/eu\/los-cocineros-vascos-se-vuelcan-con-los-afectados-valencianos-por-la-dana\/","og_site_name":"Mugaritz","article_published_time":"2024-12-18T14:35:00+00:00","article_modified_time":"2024-12-22T12:43:36+00:00","og_image":[{"width":1600,"height":1065,"url":"https:\/\/www.mugaritz.com\/wp-content\/uploads\/2024\/12\/BCC_Valencia-9.jpg","type":"image\/jpeg"}],"author":"Unai","twitter_card":"summary_large_image","twitter_misc":{"Written by":"Unai","Est. reading time":"2 minutes"},"schema":{"@context":"https:\/\/schema.org","@graph":[{"@type":"Article","@id":"https:\/\/www.mugaritz.com\/eu\/los-cocineros-vascos-se-vuelcan-con-los-afectados-valencianos-por-la-dana\/#article","isPartOf":{"@id":"https:\/\/www.mugaritz.com\/eu\/los-cocineros-vascos-se-vuelcan-con-los-afectados-valencianos-por-la-dana\/"},"author":{"name":"Unai","@id":"https:\/\/www.mugaritz.com\/eu\/#\/schema\/person\/62ab2b4bc57e17b815f416920c819474"},"headline":"Euskal sukaldariek Valentziako DANAko kaltetuekin bat egin dute","datePublished":"2024-12-18T14:35:00+00:00","dateModified":"2024-12-22T12:43:36+00:00","mainEntityOfPage":{"@id":"https:\/\/www.mugaritz.com\/eu\/los-cocineros-vascos-se-vuelcan-con-los-afectados-valencianos-por-la-dana\/"},"wordCount":269,"commentCount":0,"image":{"@id":"https:\/\/www.mugaritz.com\/eu\/los-cocineros-vascos-se-vuelcan-con-los-afectados-valencianos-por-la-dana\/#primaryimage"},"thumbnailUrl":"https:\/\/www.mugaritz.com\/wp-content\/uploads\/2024\/12\/BCC_Valencia-9.jpg","articleSection":["Sin categorizar"],"inLanguage":"eu-ES","potentialAction":[{"@type":"CommentAction","name":"Comment","target":["https:\/\/www.mugaritz.com\/eu\/los-cocineros-vascos-se-vuelcan-con-los-afectados-valencianos-por-la-dana\/#respond"]}]},{"@type":"WebPage","@id":"https:\/\/www.mugaritz.com\/eu\/los-cocineros-vascos-se-vuelcan-con-los-afectados-valencianos-por-la-dana\/","url":"https:\/\/www.mugaritz.com\/eu\/los-cocineros-vascos-se-vuelcan-con-los-afectados-valencianos-por-la-dana\/","name":"Euskal sukaldariek Valentziako DANAko kaltetuekin bat egin dute - Mugaritz","isPartOf":{"@id":"https:\/\/www.mugaritz.com\/eu\/#website"},"primaryImageOfPage":{"@id":"https:\/\/www.mugaritz.com\/eu\/los-cocineros-vascos-se-vuelcan-con-los-afectados-valencianos-por-la-dana\/#primaryimage"},"image":{"@id":"https:\/\/www.mugaritz.com\/eu\/los-cocineros-vascos-se-vuelcan-con-los-afectados-valencianos-por-la-dana\/#primaryimage"},"thumbnailUrl":"https:\/\/www.mugaritz.com\/wp-content\/uploads\/2024\/12\/BCC_Valencia-9.jpg","datePublished":"2024-12-18T14:35:00+00:00","dateModified":"2024-12-22T12:43:36+00:00","author":{"@id":"https:\/\/www.mugaritz.com\/eu\/#\/schema\/person\/62ab2b4bc57e17b815f416920c819474"},"breadcrumb":{"@id":"https:\/\/www.mugaritz.com\/eu\/los-cocineros-vascos-se-vuelcan-con-los-afectados-valencianos-por-la-dana\/#breadcrumb"},"inLanguage":"eu-ES","potentialAction":[{"@type":"ReadAction","target":["https:\/\/www.mugaritz.com\/eu\/los-cocineros-vascos-se-vuelcan-con-los-afectados-valencianos-por-la-dana\/"]}]},{"@type":"ImageObject","inLanguage":"eu-ES","@id":"https:\/\/www.mugaritz.com\/eu\/los-cocineros-vascos-se-vuelcan-con-los-afectados-valencianos-por-la-dana\/#primaryimage","url":"https:\/\/www.mugaritz.com\/wp-content\/uploads\/2024\/12\/BCC_Valencia-9.jpg","contentUrl":"https:\/\/www.mugaritz.com\/wp-content\/uploads\/2024\/12\/BCC_Valencia-9.jpg","width":1600,"height":1065},{"@type":"BreadcrumbList","@id":"https:\/\/www.mugaritz.com\/eu\/los-cocineros-vascos-se-vuelcan-con-los-afectados-valencianos-por-la-dana\/#breadcrumb","itemListElement":[{"@type":"ListItem","position":1,"name":"Portada","item":"https:\/\/www.mugaritz.com\/eu\/"},{"@type":"ListItem","position":2,"name":"Euskal sukaldariek Valentziako DANAko kaltetuekin bat egin dute"}]},{"@type":"WebSite","@id":"https:\/\/www.mugaritz.com\/eu\/#website","url":"https:\/\/www.mugaritz.com\/eu\/","name":"Mugaritz","description":"Mugatik gure buruak berrasmatzen","potentialAction":[{"@type":"SearchAction","target":{"@type":"EntryPoint","urlTemplate":"https:\/\/www.mugaritz.com\/eu\/?s={search_term_string}"},"query-input":{"@type":"PropertyValueSpecification","valueRequired":true,"valueName":"search_term_string"}}],"inLanguage":"eu-ES"},{"@type":"Person","@id":"https:\/\/www.mugaritz.com\/eu\/#\/schema\/person\/62ab2b4bc57e17b815f416920c819474","name":"Unai"}]}},"_links":{"self":[{"href":"https:\/\/www.mugaritz.com\/eu\/wp-json\/wp\/v2\/posts\/5157","targetHints":{"allow":["GET"]}}],"collection":[{"href":"https:\/\/www.mugaritz.com\/eu\/wp-json\/wp\/v2\/posts"}],"about":[{"href":"https:\/\/www.mugaritz.com\/eu\/wp-json\/wp\/v2\/types\/post"}],"author":[{"embeddable":true,"href":"https:\/\/www.mugaritz.com\/eu\/wp-json\/wp\/v2\/users\/5"}],"replies":[{"embeddable":true,"href":"https:\/\/www.mugaritz.com\/eu\/wp-json\/wp\/v2\/comments?post=5157"}],"version-history":[{"count":1,"href":"https:\/\/www.mugaritz.com\/eu\/wp-json\/wp\/v2\/posts\/5157\/revisions"}],"predecessor-version":[{"id":5159,"href":"https:\/\/www.mugaritz.com\/eu\/wp-json\/wp\/v2\/posts\/5157\/revisions\/5159"}],"wp:featuredmedia":[{"embeddable":true,"href":"https:\/\/www.mugaritz.com\/eu\/wp-json\/wp\/v2\/media\/4973"}],"wp:attachment":[{"href":"https:\/\/www.mugaritz.com\/eu\/wp-json\/wp\/v2\/media?parent=5157"}],"wp:term":[{"taxonomy":"category","embeddable":true,"href":"https:\/\/www.mugaritz.com\/eu\/wp-json\/wp\/v2\/categories?post=5157"},{"taxonomy":"post_tag","embeddable":true,"href":"https:\/\/www.mugaritz.com\/eu\/wp-json\/wp\/v2\/tags?post=5157"}],"curies":[{"name":"wp","href":"https:\/\/api.w.org\/{rel}","templated":true}]}}